{"id":537,"date":"2020-08-12T09:45:06","date_gmt":"2020-08-12T07:45:06","guid":{"rendered":"http:\/\/www.cousimbertical.ch\/?p=537"},"modified":"2020-08-12T10:25:55","modified_gmt":"2020-08-12T08:25:55","slug":"annulation-de-ledition-2020","status":"publish","type":"post","link":"https:\/\/www.cousimbertical.ch\/?p=537","title":{"rendered":"annulation de l&#8217;\u00e9dition 2020"},"content":{"rendered":"<p>malheureusement, le coronavirus nous oblige d&#8217;annuler la course cette ann\u00e9e.<\/p>\n<p>par contre, la date de la prochaine \u00e9dition est fix\u00e9e : le 25 septembre 2021<\/p>\n","protected":false},"excerpt":{"rendered":"<p>malheureusement, le coronavirus nous oblige d&#8217;annuler la course cette ann\u00e9e. par contre, la date de la prochaine \u00e9dition est fix\u00e9e : le 25 septembre 2021<\/p>\n","protected":false},"author":2,"featured_media":0,"comment_status":"closed","ping_status":"open","sticky":false,"template":"","format":"standard","meta":{"ngg_post_thumbnail":0,"footnotes":""},"categories":[1],"tags":[],"class_list":["post-537","post","type-post","status-publish","format-standard","hentry","category-non-classe"],"_links":{"self":[{"href":"https:\/\/www.cousimbertical.ch\/index.php?rest_route=\/wp\/v2\/posts\/537","targetHints":{"allow":["GET"]}}],"collection":[{"href":"https:\/\/www.cousimbertical.ch\/index.php?rest_route=\/wp\/v2\/posts"}],"about":[{"href":"https:\/\/www.cousimbertical.ch\/index.php?rest_route=\/wp\/v2\/types\/post"}],"author":[{"embeddable":true,"href":"https:\/\/www.cousimbertical.ch\/index.php?rest_route=\/wp\/v2\/users\/2"}],"replies":[{"embeddable":true,"href":"https:\/\/www.cousimbertical.ch\/index.php?rest_route=%2Fwp%2Fv2%2Fcomments&post=537"}],"version-history":[{"count":8,"href":"https:\/\/www.cousimbertical.ch\/index.php?rest_route=\/wp\/v2\/posts\/537\/revisions"}],"predecessor-version":[{"id":549,"href":"https:\/\/www.cousimbertical.ch\/index.php?rest_route=\/wp\/v2\/posts\/537\/revisions\/549"}],"wp:attachment":[{"href":"https:\/\/www.cousimbertical.ch\/index.php?rest_route=%2Fwp%2Fv2%2Fmedia&parent=537"}],"wp:term":[{"taxonomy":"category","embeddable":true,"href":"https:\/\/www.cousimbertical.ch\/index.php?rest_route=%2Fwp%2Fv2%2Fcategories&post=537"},{"taxonomy":"post_tag","embeddable":true,"href":"https:\/\/www.cousimbertical.ch\/index.php?rest_route=%2Fwp%2Fv2%2Ftags&post=537"}],"curies":[{"name":"wp","href":"https:\/\/api.w.org\/{rel}","templated":true}]}}